{"id":787,"date":"2021-06-05T20:13:15","date_gmt":"2021-06-05T23:13:15","guid":{"rendered":"https:\/\/www.inflow.yoga\/es\/?p=787"},"modified":"2021-06-05T20:13:15","modified_gmt":"2021-06-05T23:13:15","slug":"retiro-despertar-en-la-tierra","status":"publish","type":"post","link":"https:\/\/www.inflow.yoga\/es\/2021\/06\/05\/retiro-despertar-en-la-tierra\/","title":{"rendered":"RETIRO DESPERTAR EN LA TIERRA"},"content":{"rendered":"<div class=\"o9v6fnle cxmmr5t8 oygrvhab hcukyx3x c1et5uql\">Durante este fin de semana compartimos junto a ustedes este DESPERTAR en el silencio de las Sierras de C\u00f3rdoba, el canto de las aves y el aire fresco de las ma\u00f1anas para sumergirnos en el ritmo de la naturaleza, disfrutando lo que m\u00e1s amamos hacer.<\/div>\n<div><\/div>\n<div class=\"o9v6fnle cxmmr5t8 oygrvhab hcukyx3x c1et5uql\">Fue un fin de semana rico en experiencias que nos permitieron entrar en sinton\u00eda con el ambiente, con el grupo y con nosotros mismos, disfrutando de la experiencia de estar vivos, de formar parte de algo m\u00e1s grande.<\/div>\n<div><\/div>\n<div class=\"o9v6fnle cxmmr5t8 oygrvhab hcukyx3x c1et5uql\"><strong>Despertar en la tierra<\/strong> nos llev\u00f3 a experimentar desde lo profundo, ir a la ra\u00edz, conectarnos con la madre que nos protege y nos da los frutos. Cada d\u00eda fue especial, porque cada uno de nosotros es especial.<\/div>\n<div><\/div>\n<h3 class=\"o9v6fnle cxmmr5t8 oygrvhab hcukyx3x c1et5uql\">El programa<\/h3>\n<div class=\"o9v6fnle cxmmr5t8 oygrvhab hcukyx3x c1et5uql\"><strong>Primer d\u00eda<\/strong><\/div>\n<div class=\"o9v6fnle cxmmr5t8 oygrvhab hcukyx3x c1et5uql\">Por la tarde compartimos una merienda serrana de bienvenida.<br \/>\n19.00 Circulo de reconexi\u00f3n de grupo<br \/>\n21.00 cena<\/div>\n<div class=\"o9v6fnle cxmmr5t8 oygrvhab hcukyx3x c1et5uql\"><\/div>\n<div class=\"o9v6fnle cxmmr5t8 oygrvhab hcukyx3x c1et5uql\"><strong>Segundo d\u00eda<\/strong><br \/>\n7.00 Meditaci\u00f3n al aire libre<br \/>\n7.30 Caminata en silencio hasta el lugar donde tendremos nuestra practica de Flow Yoga Matutina.<br \/>\n9.30 Desayuno en las caba\u00f1as<br \/>\nTiempo libre<br \/>\n11.30 Fuimos al rio, actividad: Despertar Interior<br \/>\nPicnic y tiempo libre<br \/>\n17.00 Meditaci\u00f3n en Movimiento &amp; Prana Flow<br \/>\n18.15 Fog\u00f3n y merienda<br \/>\nRitual &amp; Despertar Interior II<br \/>\n21.00 cena<\/div>\n<div><\/div>\n<div class=\"o9v6fnle cxmmr5t8 oygrvhab hcukyx3x c1et5uql\"><strong>Tercer d\u00eda<\/strong><br \/>\n7.00 Meditaci\u00f3n al aire libre<br \/>\n7.30 Practica de Conexi\u00f3n Respira: pranayama &amp; mudra<br \/>\n8.45 Desayuno en las caba\u00f1as<br \/>\nTiempo libre<br \/>\n10.30 Caminata<br \/>\n13.30 almuerzo: asado vegetariano<br \/>\n15.00 circulo de cierre<\/div>\n<div><\/div>\n<div>\n<div class=\"boldPhotoSlide\"><div class=\"bpbItem\"><img src=\"https:\/\/www.inflow.yoga\/es\/wp-content\/uploads\/2021\/06\/DSC4307-1-320x213.jpg\" alt=\"_DSC4307-1\"><\/div><div class=\"bpbItem\"><img src=\"https:\/\/www.inflow.yoga\/es\/wp-content\/uploads\/2021\/06\/DSC4319-1-320x213.jpg\" alt=\"_DSC4319-1\"><\/div><div class=\"bpbItem\"><img src=\"https:\/\/www.inflow.yoga\/es\/wp-content\/uploads\/2021\/06\/DSC4337-1-320x213.jpg\" alt=\"_DSC4337-1\"><\/div><div class=\"bpbItem\"><img src=\"https:\/\/www.inflow.yoga\/es\/wp-content\/uploads\/2021\/06\/DSC4343-1-320x213.jpg\" alt=\"_DSC4343-1\"><\/div><div class=\"bpbItem\"><img src=\"https:\/\/www.inflow.yoga\/es\/wp-content\/uploads\/2021\/06\/DSC4350-1-320x213.jpg\" alt=\"_DSC4350-1\"><\/div><div class=\"bpbItem\"><img src=\"https:\/\/www.inflow.yoga\/es\/wp-content\/uploads\/2021\/06\/DSC4380-1-320x213.jpg\" alt=\"_DSC4380-1\"><\/div><div class=\"bpbItem\"><img src=\"https:\/\/www.inflow.yoga\/es\/wp-content\/uploads\/2021\/06\/DSC4416-1-320x213.jpg\" alt=\"_DSC4416-1\"><\/div><div class=\"bpbItem\"><img src=\"https:\/\/www.inflow.yoga\/es\/wp-content\/uploads\/2021\/06\/DSC4419-1-320x213.jpg\" alt=\"_DSC4419-1\"><\/div><div class=\"bpbItem\"><img src=\"https:\/\/www.inflow.yoga\/es\/wp-content\/uploads\/2021\/06\/Q5A8566-1-320x213.jpg\" alt=\"_Q5A8566-1\"><\/div><div class=\"bpbItem\"><img src=\"https:\/\/www.inflow.yoga\/es\/wp-content\/uploads\/2021\/06\/Q5A8574-1-320x213.jpg\" alt=\"_Q5A8574-1\"><\/div><div class=\"bpbItem\"><img src=\"https:\/\/www.inflow.yoga\/es\/wp-content\/uploads\/2021\/06\/Q5A8578-1-320x213.jpg\" alt=\"_Q5A8578-1\"><\/div><div class=\"bpbItem\"><img src=\"https:\/\/www.inflow.yoga\/es\/wp-content\/uploads\/2021\/06\/Q5A8596-1-320x213.jpg\" alt=\"_Q5A8596-1\"><\/div><div class=\"bpbItem\"><img src=\"https:\/\/www.inflow.yoga\/es\/wp-content\/uploads\/2021\/06\/DJI_0046-1-320x180.jpg\" alt=\"DJI_0046-1\"><\/div><div class=\"bpbItem\"><img src=\"https:\/\/www.inflow.yoga\/es\/wp-content\/uploads\/2021\/06\/WhatsApp-Image-2021-06-04-at-08.20.01-320x427.jpeg\" alt=\"WhatsApp Image 2021-06-04 at 08.20.01\"><\/div><div class=\"bpbItem\"><img src=\"https:\/\/www.inflow.yoga\/es\/wp-content\/uploads\/2021\/06\/WhatsApp-Image-2021-06-04-at-08.20.04-320x240.jpeg\" alt=\"WhatsApp Image 2021-06-04 at 08.20.04\"><\/div><div class=\"bpbItem\"><img src=\"https:\/\/www.inflow.yoga\/es\/wp-content\/uploads\/2021\/06\/WhatsApp-Image-2021-06-04-at-08.20.05-320x240.jpeg\" alt=\"WhatsApp Image 2021-06-04 at 08.20.05\"><\/div><div class=\"bpbItem\"><img src=\"https:\/\/www.inflow.yoga\/es\/wp-content\/uploads\/2021\/06\/WhatsApp-Image-2021-06-04-at-08.20.07-320x240.jpeg\" alt=\"WhatsApp Image 2021-06-04 at 08.20.07\"><\/div><div class=\"bpbItem\"><img src=\"https:\/\/www.inflow.yoga\/es\/wp-content\/uploads\/2021\/06\/WhatsApp-Image-2021-06-04-at-08.20.08-1-320x240.jpeg\" alt=\"WhatsApp Image 2021-06-04 at 08.20.08 (1)\"><\/div><div class=\"bpbItem\"><img src=\"https:\/\/www.inflow.yoga\/es\/wp-content\/uploads\/2021\/06\/WhatsApp-Image-2021-06-04-at-08.20.08-320x240.jpeg\" alt=\"WhatsApp Image 2021-06-04 at 08.20.08\"><\/div><div class=\"bpbItem\"><img src=\"https:\/\/www.inflow.yoga\/es\/wp-content\/uploads\/2021\/06\/WhatsApp-Image-2021-06-04-at-08.20.09-320x240.jpeg\" alt=\"WhatsApp Image 2021-06-04 at 08.20.09\"><\/div><div class=\"bpbItem\"><img src=\"https:\/\/www.inflow.yoga\/es\/wp-content\/uploads\/2021\/06\/WhatsApp-Image-2021-06-04-at-08.20.12-1-320x240.jpeg\" alt=\"WhatsApp Image 2021-06-04 at 08.20.12 (1)\"><\/div><div class=\"bpbItem\"><img src=\"https:\/\/www.inflow.yoga\/es\/wp-content\/uploads\/2021\/06\/WhatsApp-Image-2021-06-04-at-08.20.12-320x428.jpeg\" alt=\"WhatsApp Image 2021-06-04 at 08.20.12\"><\/div><div class=\"bpbItem\"><img src=\"https:\/\/www.inflow.yoga\/es\/wp-content\/uploads\/2021\/06\/WhatsApp-Image-2021-06-04-at-08.20.14-320x240.jpeg\" alt=\"WhatsApp Image 2021-06-04 at 08.20.14\"><\/div><div class=\"bpbItem\"><img src=\"https:\/\/www.inflow.yoga\/es\/wp-content\/uploads\/2021\/06\/WhatsApp-Image-2021-06-04-at-08.20.15-1-320x240.jpeg\" alt=\"WhatsApp Image 2021-06-04 at 08.20.15 (1)\"><\/div><div class=\"bpbItem\"><img src=\"https:\/\/www.inflow.yoga\/es\/wp-content\/uploads\/2021\/06\/WhatsApp-Image-2021-06-04-at-08.20.15-320x240.jpeg\" alt=\"WhatsApp Image 2021-06-04 at 08.20.15\"><\/div><div class=\"bpbItem\"><img src=\"https:\/\/www.inflow.yoga\/es\/wp-content\/uploads\/2021\/06\/WhatsApp-Image-2021-06-04-at-08.20.16-320x240.jpeg\" alt=\"WhatsApp Image 2021-06-04 at 08.20.16\"><\/div><div class=\"bpbItem\"><img src=\"https:\/\/www.inflow.yoga\/es\/wp-content\/uploads\/2021\/06\/WhatsApp-Image-2021-06-04-at-08.20.17-320x240.jpeg\" alt=\"WhatsApp Image 2021-06-04 at 08.20.17\"><\/div><div class=\"bpbItem\"><img src=\"https:\/\/www.inflow.yoga\/es\/wp-content\/uploads\/2021\/06\/WhatsApp-Image-2021-06-04-at-08.20.18-320x428.jpeg\" alt=\"WhatsApp Image 2021-06-04 at 08.20.18\"><\/div><div class=\"bpbItem\"><img src=\"https:\/\/www.inflow.yoga\/es\/wp-content\/uploads\/2021\/06\/WhatsApp-Image-2021-06-04-at-08.21.42-320x240.jpeg\" alt=\"WhatsApp Image 2021-06-04 at 08.21.42\"><\/div><div class=\"bpbItem\"><img src=\"https:\/\/www.inflow.yoga\/es\/wp-content\/uploads\/2021\/06\/WhatsApp-Image-2021-06-04-at-08.21.45-320x428.jpeg\" alt=\"WhatsApp Image 2021-06-04 at 08.21.45\"><\/div><div class=\"bpbItem\"><img src=\"https:\/\/www.inflow.yoga\/es\/wp-content\/uploads\/2021\/06\/WhatsApp-Image-2021-06-04-at-08.21.55-320x320.jpeg\" alt=\"WhatsApp Image 2021-06-04 at 08.21.55\"><\/div><div class=\"bpbItem\"><img src=\"https:\/\/www.inflow.yoga\/es\/wp-content\/uploads\/2021\/06\/WhatsApp-Image-2021-06-04-at-08.21.57-320x160.jpeg\" alt=\"WhatsApp Image 2021-06-04 at 08.21.57\"><\/div><\/div>\n<\/div>\n<div><\/div>\n","protected":false},"excerpt":{"rendered":"<p>Durante este fin de semana compartimos junto a ustedes este DESPERTAR en el silencio de las Sierras de C\u00f3rdoba, el canto de las aves y el aire fresco de las ma\u00f1anas para sumergirnos en el ritmo de la naturaleza, disfrutando lo que m\u00e1s amamos hacer. Fue un fin de semana rico en experiencias que nos [&hellip;]<\/p>\n","protected":false},"author":1,"featured_media":821,"comment_status":"closed","ping_status":"closed","sticky":false,"template":"","format":"standard","meta":[],"categories":[6],"tags":[],"_links":{"self":[{"href":"https:\/\/www.inflow.yoga\/es\/wp-json\/wp\/v2\/posts\/787"}],"collection":[{"href":"https:\/\/www.inflow.yoga\/es\/wp-json\/wp\/v2\/posts"}],"about":[{"href":"https:\/\/www.inflow.yoga\/es\/wp-json\/wp\/v2\/types\/post"}],"author":[{"embeddable":true,"href":"https:\/\/www.inflow.yoga\/es\/wp-json\/wp\/v2\/users\/1"}],"replies":[{"embeddable":true,"href":"https:\/\/www.inflow.yoga\/es\/wp-json\/wp\/v2\/comments?post=787"}],"version-history":[{"count":2,"href":"https:\/\/www.inflow.yoga\/es\/wp-json\/wp\/v2\/posts\/787\/revisions"}],"predecessor-version":[{"id":822,"href":"https:\/\/www.inflow.yoga\/es\/wp-json\/wp\/v2\/posts\/787\/revisions\/822"}],"wp:featuredmedia":[{"embeddable":true,"href":"https:\/\/www.inflow.yoga\/es\/wp-json\/wp\/v2\/media\/821"}],"wp:attachment":[{"href":"https:\/\/www.inflow.yoga\/es\/wp-json\/wp\/v2\/media?parent=787"}],"wp:term":[{"taxonomy":"category","embeddable":true,"href":"https:\/\/www.inflow.yoga\/es\/wp-json\/wp\/v2\/categories?post=787"},{"taxonomy":"post_tag","embeddable":true,"href":"https:\/\/www.inflow.yoga\/es\/wp-json\/wp\/v2\/tags?post=787"}],"curies":[{"name":"wp","href":"https:\/\/api.w.org\/{rel}","templated":true}]}}